{"id":3193,"date":"2026-03-06T06:48:32","date_gmt":"2026-03-06T06:48:32","guid":{"rendered":"https:\/\/bdouin.com\/mag\/?p=3193"},"modified":"2026-03-06T13:08:58","modified_gmt":"2026-03-06T13:08:58","slug":"des-enfants-a-la-mosquee","status":"publish","type":"post","link":"https:\/\/bdouin.com\/mag\/des-enfants-a-la-mosquee\/","title":{"rendered":"Des enfants \u00e0 la mosqu\u00e9e ?!"},"content":{"rendered":"\n<p class=\"justify\"><em>Lorsque l\u2019on observe le comportement des enfants \u00e0 la mosqu\u00e9e, on comprend vite qu\u2019ils n\u2019ont pas tous \u00e9t\u00e9 pr\u00e9par\u00e9s de la m\u00eame mani\u00e8re \u00e0 cet \u00e9v\u00e8nement. Pendant que certains restent sagement aux c\u00f4t\u00e9s de leurs parents, d\u2019autres&nbsp; \u2013&nbsp; livr\u00e9s \u00e0 eux-m\u00eames \u2013 ont un comportement qui laisse franchement \u00e0 d\u00e9sirer&nbsp;: ils d\u00e9rangent les prieurs. Parfois, \u00e7a va tellement loin que l\u2019imam lui-m\u00eame doit intervenir et faire un rappel, aussi bien aux parents qu\u2019\u00e0 ceux qui perdent patience. Et si chacun assumait ses responsabilit\u00e9s&nbsp;?<\/em><\/p>\n\n\n\n<p class=\"has-text-align-center\"><em>* * *<\/em><\/p>\n\n\n\n<h2 class=\"wp-block-heading\"><strong>La Mosqu\u00e9e<\/strong><\/h2>\n\n\n\n<p class=\"justify\">D\u2019abord et avant tout un lieu d\u2019adoration, c\u2019est l\u2019endroit o\u00f9 l\u2019on adore ensemble, l\u00e0 o\u00f9 la notion de communaut\u00e9 soumise \u00e0 un Cr\u00e9ateur Unique s\u2019exprime de l\u2019une des plus belles des mani\u00e8res. Elle s\u2019y concr\u00e9tise au moins cinq fois par jour pour les hommes, de m\u00eame que le vendredi, mais aussi lors des cours et des le\u00e7ons qui s\u2019y donnent, ou encore d\u2019\u00e9v\u00e8nements relatifs au calendrier musulman qui s\u2019y d\u00e9roulent, comme les pri\u00e8res de Tar\u00e2w\u00ee\u1e25 et les ruptures du je\u00fbne du mois de ramadan. Ainsi donc, en plus d\u2019\u00eatre l\u2019\u00e9difice qu\u2019Allah, Exalt\u00e9 soit-Il, pr\u00e9f\u00e8re dans les villes<sup data-fn=\"106bb1af-a4e6-4f36-896c-8058b5646f53\" class=\"fn\"><a id=\"106bb1af-a4e6-4f36-896c-8058b5646f53-link\" href=\"#106bb1af-a4e6-4f36-896c-8058b5646f53\">1<\/a><\/sup> et o\u00f9 la pri\u00e8re voit sa valeur d\u00e9cupl\u00e9e<sup data-fn=\"6d158d28-0a17-4fb6-ba08-f7191ac925fe\" class=\"fn\"><a id=\"6d158d28-0a17-4fb6-ba08-f7191ac925fe-link\" href=\"#6d158d28-0a17-4fb6-ba08-f7191ac925fe\">2<\/a><\/sup>, la mosqu\u00e9e c\u2019est aussi un endroit de vie commune, de rencontre, d\u2019\u00e9change et de partage pour la communaut\u00e9.&nbsp;<\/p>\n\n\n\n<h2 class=\"wp-block-heading\"><strong>Horizons divers<\/strong><\/h2>\n\n\n\n<p class=\"justify\">A la mosqu\u00e9e on croise nos voisins, nos proches, les habitants des alentours ainsi que d\u2019illustres inconnus dont on ne sait absolument rien. Les interactions y sont donc en m\u00eame temps tr\u00e8s simples, parce qu\u2019on vient tous y faire la m\u00eame chose, et tr\u00e8s complexes, car nous n\u2019y arrivons pas tous dans le m\u00eame \u00e9tat d\u2019esprit. En effet, m\u00eame s\u2019ils sont fr\u00e8res et s\u0153urs en Islam, les individus qui se croisent \u00e0 la mosqu\u00e9e sont parfois tr\u00e8s diff\u00e9rents, qu\u2019il s\u2019agisse de leur \u00e2ge, de leur \u00e9ducation, de leur spiritualit\u00e9&nbsp; et d\u2019autres choses encore. De l\u00e0, afin que tout se passe bien, il faut garder cette r\u00e9alit\u00e9 \u00e0 l\u2019esprit et se questionner humblement&nbsp;: <em>\u00ab&nbsp;Moi qui viens ici afin d\u2019accomplir mes actes d\u2019adorations, mais aussi profiter de cet endroit et m\u2019y sentir bien&nbsp;: comment dois-je m&rsquo;y comporter afin de ne pas nuire aux autres et qu\u2019ils en profitent eux aussi&nbsp;?&nbsp;\u00bb <\/em>La question est valable pour nous tous, qu\u2019on vienne \u00e0 la mosqu\u00e9e seuls, ou accompagn\u00e9s.&nbsp;<\/p>\n\n\n\n<h2 class=\"wp-block-heading\"><strong>Une responsabilit\u00e9 de taille<\/strong><\/h2>\n\n\n\n<p class=\"justify\">Quiconque vit et ressent de bonnes choses dans un endroit souhaite y revenir le plus souvent possible, et c\u2019est aussi le cas concernant la mosqu\u00e9e. De plus, la personne qui s\u2019y sent bien assimile ce qui s\u2019y d\u00e9roule \u00e0 quelque chose de positif et agr\u00e9able. Une fois son c\u0153ur ouvert, c\u2019est une place o\u00f9 elle aimera se rendre et au sujet de laquelle elle sera r\u00e9ceptive. Et s\u2019il s\u2019agit d\u2019un enfant, ce moment particulier impr\u00e8gnera son petit c\u0153ur positivement et y restera ancr\u00e9 pour de longues ann\u00e9es. Mais attention, le contraire est vrai aussi. Il faut donc faire le n\u00e9cessaire afin que nos enfants vivent bien ce premier contact. C\u2019est une \u00e9tape importante dans la construction de leur personnalit\u00e9 islamique, et cette premi\u00e8re exp\u00e9rience fa\u00e7onnera leur mani\u00e8re de voir la vie en communaut\u00e9&nbsp;; leur communaut\u00e9. Ceci dit, chacun d\u2019entre nous doit donc s\u2019efforcer de patienter au mieux face aux \u00e9carts des enfants \u00e0 la mosqu\u00e9e, les siens comme ceux des autres, car l\u2019enjeu est de taille. Mais il ne faut pas en oublier que la mosqu\u00e9e reste la mosqu\u00e9e, et qu\u2019il n\u2019y a pas que les enfants qui y ont des droits.<\/p>\n\n\n\n<h2 class=\"wp-block-heading\"><strong>Chacun ses limites\u2026<\/strong><\/h2>\n\n\n\n<p class=\"justify\">Nous avons vu qu\u2019on trouve tous types de musulmans \u00e0 la mosqu\u00e9e, ils ont chacun leur degr\u00e9 de spiritualit\u00e9, de cheminement et donc de sensibilit\u00e9 et de patience aussi. Ce sont des choses que les parents doivent comprendre puis qui doivent \u00eatre expliqu\u00e9es aux enfants&nbsp;; pour leur bien, et pour celui des autres. Certains de tes voisins dans les rangs sont \u00e9prouv\u00e9s par l\u2019\u00e2ge, par la maladie, d\u2019autres sont fatigu\u00e9s par leur journ\u00e9e de travail, accabl\u00e9s par les soucis, certains sont tristes, soucieux, ont une faiblesse dans la foi\u2026 et malgr\u00e9 cela, ils font un effort pour venir s\u2019acquitter de leur devoir, ils essaient de se ressourcer et chercher des forces dans la pri\u00e8re. Est-ce leur faute s\u2019ils craquent face au mauvais comportement d\u2019enfants laiss\u00e9s livr\u00e9s \u00e0 eux-m\u00eames dans la Mosqu\u00e9e&nbsp;? Bien s\u00fbr qu\u2019on ne veut pas faire fuir les enfants des mosqu\u00e9es, mais qui d\u2019entre-nous aimerait \u00eatre (ou que ses enfants soient) le \u00ab&nbsp;mauvais souvenir&nbsp;\u00bb de son fr\u00e8re ou de sa s\u0153ur lors de son passage dans celle-ci&nbsp;?<\/p>\n\n\n\n<h2 class=\"wp-block-heading\"><strong>Triste malentendu<\/strong><\/h2>\n\n\n\n<p class=\"justify\">Beaucoup d&rsquo;enfants et de jeunes se font gronder \u00e0 cause de leur comportement \u00e0 la mosqu\u00e9e. Or, la plupart du temps, ils ne pensent pas \u00e0 tout ce qu\u2019on vient de dire. Ce sont juste des enfants qui s\u2019amusent, des adolescents qui rigolent&nbsp;; ils le font&nbsp; par insouciance et ce n\u2019est certainement pas l\u2019envie de nuire qui les motive. Ce qu\u2019il faut, c\u2019est patienter bien-s\u00fbr, mais aussi prendre le temps de les sensibiliser. Et \u00e0 chacun d\u2019entre-nous d\u2019assumer ses responsabilit\u00e9s \u00e0 ce sujet.<\/p>\n\n\n\n<h2 class=\"wp-block-heading\"><strong>Un compagnon utile<\/strong><\/h2>\n\n\n\n<p class=\"justify\"><a href=\"https:\/\/www.bdouin.com\/fr\/accueil\/216-guide-illustre-des-100-bonnes-manieres-en-islam-9789998797949.html\" target=\"_blank\" rel=\"noreferrer noopener\"><strong>Le Guide des bonnes mani\u00e8res en Islam<\/strong><\/a> a \u00e9t\u00e9 pens\u00e9 puis \u00e9labor\u00e9 en vue d\u2019\u00eatre une part de la solution aux probl\u00e8mes qui se pr\u00e9sentent aux parents lors de l\u2019\u00e9ducation de leurs enfants. Parmi les th\u00e8mes qui y sont trait\u00e9s, il y a : <strong><em>\u00ab\u00a0Mon comportement \u00e0 la mosqu\u00e9e\u00a0\u00bb<\/em><\/strong>, un sous chapitre de six articles que l&rsquo;enfant peut, dans un premier temps, lire seul, puis approfondir avec ses parents ou dans un groupe plus large et qui peuvent servir de base pour engager la conversation sur le bon comportement dans le domaine.&nbsp;<\/p>\n\n\n\n<p class=\"justify\">Qu\u2019Allah nous facilite, ainsi qu\u2019\u00e0 vous, l\u2019\u00e9ducation des g\u00e9n\u00e9rations de demain de la mani\u00e8re qu\u2019Il agr\u00e9e.&nbsp;<\/p>\n\n\n\n<div style=\"height:100px\" aria-hidden=\"true\" class=\"wp-block-spacer\"><\/div>\n\n\n\n<p class=\"has-text-align-right\">Abo\u00fb A\u1e25mad<\/p>\n\n\n\n<figure class=\"wp-block-image size-large\"><img loading=\"lazy\" decoding=\"async\" width=\"1024\" height=\"408\" src=\"https:\/\/bdouin.com\/mag\/wp-content\/uploads\/2026\/03\/GUIDEBONNES-MANIERES_StoryMaker_Menu_1080x430-1024x408.jpg\" alt=\"\" class=\"wp-image-3206\" srcset=\"https:\/\/bdouin.com\/mag\/wp-content\/uploads\/2026\/03\/GUIDEBONNES-MANIERES_StoryMaker_Menu_1080x430-1024x408.jpg 1024w, https:\/\/bdouin.com\/mag\/wp-content\/uploads\/2026\/03\/GUIDEBONNES-MANIERES_StoryMaker_Menu_1080x430-300x119.jpg 300w, https:\/\/bdouin.com\/mag\/wp-content\/uploads\/2026\/03\/GUIDEBONNES-MANIERES_StoryMaker_Menu_1080x430-768x306.jpg 768w, https:\/\/bdouin.com\/mag\/wp-content\/uploads\/2026\/03\/GUIDEBONNES-MANIERES_StoryMaker_Menu_1080x430-150x60.jpg 150w, https:\/\/bdouin.com\/mag\/wp-content\/uploads\/2026\/03\/GUIDEBONNES-MANIERES_StoryMaker_Menu_1080x430-696x277.jpg 696w, https:\/\/bdouin.com\/mag\/wp-content\/uploads\/2026\/03\/GUIDEBONNES-MANIERES_StoryMaker_Menu_1080x430-1068x425.jpg 1068w, https:\/\/bdouin.com\/mag\/wp-content\/uploads\/2026\/03\/GUIDEBONNES-MANIERES_StoryMaker_Menu_1080x430.jpg 1080w\" sizes=\"auto, (max-width: 1024px) 100vw, 1024px\" \/><\/figure>\n\n\n<ol class=\"wp-block-footnotes\"><li id=\"106bb1af-a4e6-4f36-896c-8058b5646f53\">Mouslim, n\u00b0671\u00a0: \u00ab\u00a0Les endroits les plus aim\u00e9s d\u2019All\u00e2h sont les Mosqu\u00e9es\u2026\u00a0\u00bb. <a href=\"#106bb1af-a4e6-4f36-896c-8058b5646f53-link\" aria-label=\"Aller \u00e0 la note de bas de page 1\">\u21a9\ufe0e<\/a><\/li><li id=\"6d158d28-0a17-4fb6-ba08-f7191ac925fe\">Mouslim, n\u00b0650\u00a0: \u00ab\u00a0La pri\u00e8re du groupe est meilleure que la pri\u00e8re de l\u2019individu [priant seul] de vingt-sept degr\u00e9s.\u00a0\u00bb <a href=\"#6d158d28-0a17-4fb6-ba08-f7191ac925fe-link\" aria-label=\"Aller \u00e0 la note de bas de page 2\">\u21a9\ufe0e<\/a><\/li><\/ol>","protected":false},"excerpt":{"rendered":"<p>Lorsque l\u2019on observe le comportement des enfants \u00e0 la mosqu\u00e9e, on comprend vite qu\u2019ils n\u2019ont pas tous \u00e9t\u00e9 pr\u00e9par\u00e9s de la m\u00eame mani\u00e8re \u00e0 cet \u00e9v\u00e8nement. Pendant que certains restent sagement aux c\u00f4t\u00e9s de leurs parents, d\u2019autres&nbsp; \u2013&nbsp; livr\u00e9s \u00e0 eux-m\u00eames \u2013 ont un comportement qui laisse franchement \u00e0 d\u00e9sirer&nbsp;: ils d\u00e9rangent les prieurs. Parfois, [&hellip;]<\/p>\n","protected":false},"author":2,"featured_media":3202,"comment_status":"open","ping_status":"open","sticky":false,"template":"","format":"standard","meta":{"footnotes":"[{\"content\":\"Mouslim, n\u00b0671\u00a0: \u00ab\u00a0Les endroits les plus aim\u00e9s d\u2019All\u00e2h sont les Mosqu\u00e9es\u2026\u00a0\u00bb.\",\"id\":\"106bb1af-a4e6-4f36-896c-8058b5646f53\"},{\"content\":\"Mouslim, n\u00b0650\u00a0: \u00ab\u00a0La pri\u00e8re du groupe est meilleure que la pri\u00e8re de l\u2019individu [priant seul] de vingt-sept degr\u00e9s.\u00a0\u00bb\",\"id\":\"6d158d28-0a17-4fb6-ba08-f7191ac925fe\"}]"},"categories":[43,45],"tags":[78,77,76,80,79],"class_list":{"0":"post-3193","1":"post","2":"type-post","3":"status-publish","4":"format-standard","5":"has-post-thumbnail","7":"category-apprendre-sa-religion","8":"category-le-comportement-du-musulman","9":"tag-education","10":"tag-enfants","11":"tag-mosquee","12":"tag-priere-en-groupe","13":"tag-vie-en-communaute"},"yoast_head":"<!-- This site is optimized with the Yoast SEO plugin v25.7 - https:\/\/yoast.com\/wordpress\/plugins\/seo\/ -->\n<title>Des enfants \u00e0 la mosqu\u00e9e ?! BDouin Mag<\/title>\n<meta name=\"description\" content=\"Des enfants \u00e0 la mosqu\u00e9e ?! - Apprendre de mani\u00e8re ludique et illustr\u00e9 avec l&#039;\u00e9quipe du studio BDouin (famille Foulane, Muslim Show...)\" \/>\n<meta name=\"robots\" content=\"index, follow, max-snippet:-1, max-image-preview:large, max-video-preview:-1\" \/>\n<link rel=\"canonical\" href=\"https:\/\/bdouin.com\/mag\/des-enfants-a-la-mosquee\/\" \/>\n<meta property=\"og:locale\" content=\"fr_FR\" \/>\n<meta property=\"og:type\" content=\"article\" \/>\n<meta property=\"og:title\" content=\"Des enfants \u00e0 la mosqu\u00e9e ?! BDouin Mag\" \/>\n<meta property=\"og:description\" content=\"Des enfants \u00e0 la mosqu\u00e9e ?! - Apprendre de mani\u00e8re ludique et illustr\u00e9 avec l&#039;\u00e9quipe du studio BDouin (famille Foulane, Muslim Show...)\" \/>\n<meta property=\"og:url\" content=\"https:\/\/bdouin.com\/mag\/des-enfants-a-la-mosquee\/\" \/>\n<meta property=\"og:site_name\" content=\"BDouin Magazine\" \/>\n<meta property=\"article:publisher\" content=\"https:\/\/www.facebook.com\/MuslimShow\/?locale=fr_FR\" \/>\n<meta property=\"article:published_time\" content=\"2026-03-06T06:48:32+00:00\" \/>\n<meta property=\"article:modified_time\" content=\"2026-03-06T13:08:58+00:00\" \/>\n<meta property=\"og:image\" content=\"https:\/\/bdouin.com\/mag\/wp-content\/uploads\/2026\/03\/ArticleEnfantsMosque2.jpg\" \/>\n\t<meta property=\"og:image:width\" content=\"1200\" \/>\n\t<meta property=\"og:image:height\" content=\"1200\" \/>\n\t<meta property=\"og:image:type\" content=\"image\/jpeg\" \/>\n<meta name=\"author\" content=\"AB\" \/>\n<meta name=\"twitter:card\" content=\"summary_large_image\" \/>\n<meta name=\"twitter:label1\" content=\"\u00c9crit par\" \/>\n\t<meta name=\"twitter:data1\" content=\"AB\" \/>\n\t<meta name=\"twitter:label2\" content=\"Dur\u00e9e de lecture estim\u00e9e\" \/>\n\t<meta name=\"twitter:data2\" content=\"6 minutes\" \/>\n<script type=\"application\/ld+json\" class=\"yoast-schema-graph\">{\"@context\":\"https:\/\/schema.org\",\"@graph\":[{\"@type\":\"Article\",\"@id\":\"https:\/\/bdouin.com\/mag\/des-enfants-a-la-mosquee\/#article\",\"isPartOf\":{\"@id\":\"https:\/\/bdouin.com\/mag\/des-enfants-a-la-mosquee\/\"},\"author\":{\"name\":\"AB\",\"@id\":\"https:\/\/bdouin.com\/mag\/#\/schema\/person\/6703cfc9e9de25182bc7ad48af5a7ac6\"},\"headline\":\"Des enfants \u00e0 la mosqu\u00e9e ?!\",\"datePublished\":\"2026-03-06T06:48:32+00:00\",\"dateModified\":\"2026-03-06T13:08:58+00:00\",\"mainEntityOfPage\":{\"@id\":\"https:\/\/bdouin.com\/mag\/des-enfants-a-la-mosquee\/\"},\"wordCount\":1105,\"commentCount\":9,\"publisher\":{\"@id\":\"https:\/\/bdouin.com\/mag\/#organization\"},\"image\":{\"@id\":\"https:\/\/bdouin.com\/mag\/des-enfants-a-la-mosquee\/#primaryimage\"},\"thumbnailUrl\":\"https:\/\/bdouin.com\/mag\/wp-content\/uploads\/2026\/03\/ArticleEnfantsMosque2.jpg\",\"keywords\":[\"\u00e9ducation\",\"enfants\",\"mosqu\u00e9e\",\"pri\u00e8re en groupe\",\"vie en communaut\u00e9\"],\"articleSection\":[\"Apprendre sa religion\",\"Le comportement du musulman\"],\"inLanguage\":\"fr-FR\",\"potentialAction\":[{\"@type\":\"CommentAction\",\"name\":\"Comment\",\"target\":[\"https:\/\/bdouin.com\/mag\/des-enfants-a-la-mosquee\/#respond\"]}]},{\"@type\":\"WebPage\",\"@id\":\"https:\/\/bdouin.com\/mag\/des-enfants-a-la-mosquee\/\",\"url\":\"https:\/\/bdouin.com\/mag\/des-enfants-a-la-mosquee\/\",\"name\":\"Des enfants \u00e0 la mosqu\u00e9e ?! BDouin Mag\",\"isPartOf\":{\"@id\":\"https:\/\/bdouin.com\/mag\/#website\"},\"primaryImageOfPage\":{\"@id\":\"https:\/\/bdouin.com\/mag\/des-enfants-a-la-mosquee\/#primaryimage\"},\"image\":{\"@id\":\"https:\/\/bdouin.com\/mag\/des-enfants-a-la-mosquee\/#primaryimage\"},\"thumbnailUrl\":\"https:\/\/bdouin.com\/mag\/wp-content\/uploads\/2026\/03\/ArticleEnfantsMosque2.jpg\",\"datePublished\":\"2026-03-06T06:48:32+00:00\",\"dateModified\":\"2026-03-06T13:08:58+00:00\",\"description\":\"Des enfants \u00e0 la mosqu\u00e9e ?! - Apprendre de mani\u00e8re ludique et illustr\u00e9 avec l'\u00e9quipe du studio BDouin (famille Foulane, Muslim Show...)\",\"breadcrumb\":{\"@id\":\"https:\/\/bdouin.com\/mag\/des-enfants-a-la-mosquee\/#breadcrumb\"},\"inLanguage\":\"fr-FR\",\"potentialAction\":[{\"@type\":\"ReadAction\",\"target\":[\"https:\/\/bdouin.com\/mag\/des-enfants-a-la-mosquee\/\"]}]},{\"@type\":\"ImageObject\",\"inLanguage\":\"fr-FR\",\"@id\":\"https:\/\/bdouin.com\/mag\/des-enfants-a-la-mosquee\/#primaryimage\",\"url\":\"https:\/\/bdouin.com\/mag\/wp-content\/uploads\/2026\/03\/ArticleEnfantsMosque2.jpg\",\"contentUrl\":\"https:\/\/bdouin.com\/mag\/wp-content\/uploads\/2026\/03\/ArticleEnfantsMosque2.jpg\",\"width\":1200,\"height\":1200},{\"@type\":\"BreadcrumbList\",\"@id\":\"https:\/\/bdouin.com\/mag\/des-enfants-a-la-mosquee\/#breadcrumb\",\"itemListElement\":[{\"@type\":\"ListItem\",\"position\":1,\"name\":\"Accueil\",\"item\":\"https:\/\/bdouin.com\/mag\/\"},{\"@type\":\"ListItem\",\"position\":2,\"name\":\"Des enfants \u00e0 la mosqu\u00e9e ?!\"}]},{\"@type\":\"WebSite\",\"@id\":\"https:\/\/bdouin.com\/mag\/#website\",\"url\":\"https:\/\/bdouin.com\/mag\/\",\"name\":\"BDouin Magazine\",\"description\":\"Le magasine du BDouin !\",\"publisher\":{\"@id\":\"https:\/\/bdouin.com\/mag\/#organization\"},\"potentialAction\":[{\"@type\":\"SearchAction\",\"target\":{\"@type\":\"EntryPoint\",\"urlTemplate\":\"https:\/\/bdouin.com\/mag\/?s={search_term_string}\"},\"query-input\":{\"@type\":\"PropertyValueSpecification\",\"valueRequired\":true,\"valueName\":\"search_term_string\"}}],\"inLanguage\":\"fr-FR\"},{\"@type\":\"Organization\",\"@id\":\"https:\/\/bdouin.com\/mag\/#organization\",\"name\":\"BDouin Magazine\",\"url\":\"https:\/\/bdouin.com\/mag\/\",\"logo\":{\"@type\":\"ImageObject\",\"inLanguage\":\"fr-FR\",\"@id\":\"https:\/\/bdouin.com\/mag\/#\/schema\/logo\/image\/\",\"url\":\"https:\/\/bdouin.com\/mag\/wp-content\/uploads\/2023\/10\/cropped-AWLADSCHOOL-icon.png\",\"contentUrl\":\"https:\/\/bdouin.com\/mag\/wp-content\/uploads\/2023\/10\/cropped-AWLADSCHOOL-icon.png\",\"width\":512,\"height\":512,\"caption\":\"BDouin Magazine\"},\"image\":{\"@id\":\"https:\/\/bdouin.com\/mag\/#\/schema\/logo\/image\/\"},\"sameAs\":[\"https:\/\/www.facebook.com\/MuslimShow\/?locale=fr_FR\",\"https:\/\/www.instagram.com\/muslimshowofficiel\/\"]},{\"@type\":\"Person\",\"@id\":\"https:\/\/bdouin.com\/mag\/#\/schema\/person\/6703cfc9e9de25182bc7ad48af5a7ac6\",\"name\":\"AB\",\"image\":{\"@type\":\"ImageObject\",\"inLanguage\":\"fr-FR\",\"@id\":\"https:\/\/bdouin.com\/mag\/#\/schema\/person\/image\/\",\"url\":\"https:\/\/secure.gravatar.com\/avatar\/d4cf01413f0d6137ee2eb6e6b1c1a927f9fd1ff82b1d2b434672cfc1b10035a4?s=96&d=mm&r=g\",\"contentUrl\":\"https:\/\/secure.gravatar.com\/avatar\/d4cf01413f0d6137ee2eb6e6b1c1a927f9fd1ff82b1d2b434672cfc1b10035a4?s=96&d=mm&r=g\",\"caption\":\"AB\"}}]}<\/script>\n<!-- \/ Yoast SEO plugin. -->","yoast_head_json":{"title":"Des enfants \u00e0 la mosqu\u00e9e ?! BDouin Mag","description":"Des enfants \u00e0 la mosqu\u00e9e ?! - Apprendre de mani\u00e8re ludique et illustr\u00e9 avec l'\u00e9quipe du studio BDouin (famille Foulane, Muslim Show...)","robots":{"index":"index","follow":"follow","max-snippet":"max-snippet:-1","max-image-preview":"max-image-preview:large","max-video-preview":"max-video-preview:-1"},"canonical":"https:\/\/bdouin.com\/mag\/des-enfants-a-la-mosquee\/","og_locale":"fr_FR","og_type":"article","og_title":"Des enfants \u00e0 la mosqu\u00e9e ?! BDouin Mag","og_description":"Des enfants \u00e0 la mosqu\u00e9e ?! - Apprendre de mani\u00e8re ludique et illustr\u00e9 avec l'\u00e9quipe du studio BDouin (famille Foulane, Muslim Show...)","og_url":"https:\/\/bdouin.com\/mag\/des-enfants-a-la-mosquee\/","og_site_name":"BDouin Magazine","article_publisher":"https:\/\/www.facebook.com\/MuslimShow\/?locale=fr_FR","article_published_time":"2026-03-06T06:48:32+00:00","article_modified_time":"2026-03-06T13:08:58+00:00","og_image":[{"width":1200,"height":1200,"url":"https:\/\/bdouin.com\/mag\/wp-content\/uploads\/2026\/03\/ArticleEnfantsMosque2.jpg","type":"image\/jpeg"}],"author":"AB","twitter_card":"summary_large_image","twitter_misc":{"\u00c9crit par":"AB","Dur\u00e9e de lecture estim\u00e9e":"6 minutes"},"schema":{"@context":"https:\/\/schema.org","@graph":[{"@type":"Article","@id":"https:\/\/bdouin.com\/mag\/des-enfants-a-la-mosquee\/#article","isPartOf":{"@id":"https:\/\/bdouin.com\/mag\/des-enfants-a-la-mosquee\/"},"author":{"name":"AB","@id":"https:\/\/bdouin.com\/mag\/#\/schema\/person\/6703cfc9e9de25182bc7ad48af5a7ac6"},"headline":"Des enfants \u00e0 la mosqu\u00e9e ?!","datePublished":"2026-03-06T06:48:32+00:00","dateModified":"2026-03-06T13:08:58+00:00","mainEntityOfPage":{"@id":"https:\/\/bdouin.com\/mag\/des-enfants-a-la-mosquee\/"},"wordCount":1105,"commentCount":9,"publisher":{"@id":"https:\/\/bdouin.com\/mag\/#organization"},"image":{"@id":"https:\/\/bdouin.com\/mag\/des-enfants-a-la-mosquee\/#primaryimage"},"thumbnailUrl":"https:\/\/bdouin.com\/mag\/wp-content\/uploads\/2026\/03\/ArticleEnfantsMosque2.jpg","keywords":["\u00e9ducation","enfants","mosqu\u00e9e","pri\u00e8re en groupe","vie en communaut\u00e9"],"articleSection":["Apprendre sa religion","Le comportement du musulman"],"inLanguage":"fr-FR","potentialAction":[{"@type":"CommentAction","name":"Comment","target":["https:\/\/bdouin.com\/mag\/des-enfants-a-la-mosquee\/#respond"]}]},{"@type":"WebPage","@id":"https:\/\/bdouin.com\/mag\/des-enfants-a-la-mosquee\/","url":"https:\/\/bdouin.com\/mag\/des-enfants-a-la-mosquee\/","name":"Des enfants \u00e0 la mosqu\u00e9e ?! BDouin Mag","isPartOf":{"@id":"https:\/\/bdouin.com\/mag\/#website"},"primaryImageOfPage":{"@id":"https:\/\/bdouin.com\/mag\/des-enfants-a-la-mosquee\/#primaryimage"},"image":{"@id":"https:\/\/bdouin.com\/mag\/des-enfants-a-la-mosquee\/#primaryimage"},"thumbnailUrl":"https:\/\/bdouin.com\/mag\/wp-content\/uploads\/2026\/03\/ArticleEnfantsMosque2.jpg","datePublished":"2026-03-06T06:48:32+00:00","dateModified":"2026-03-06T13:08:58+00:00","description":"Des enfants \u00e0 la mosqu\u00e9e ?! - Apprendre de mani\u00e8re ludique et illustr\u00e9 avec l'\u00e9quipe du studio BDouin (famille Foulane, Muslim Show...)","breadcrumb":{"@id":"https:\/\/bdouin.com\/mag\/des-enfants-a-la-mosquee\/#breadcrumb"},"inLanguage":"fr-FR","potentialAction":[{"@type":"ReadAction","target":["https:\/\/bdouin.com\/mag\/des-enfants-a-la-mosquee\/"]}]},{"@type":"ImageObject","inLanguage":"fr-FR","@id":"https:\/\/bdouin.com\/mag\/des-enfants-a-la-mosquee\/#primaryimage","url":"https:\/\/bdouin.com\/mag\/wp-content\/uploads\/2026\/03\/ArticleEnfantsMosque2.jpg","contentUrl":"https:\/\/bdouin.com\/mag\/wp-content\/uploads\/2026\/03\/ArticleEnfantsMosque2.jpg","width":1200,"height":1200},{"@type":"BreadcrumbList","@id":"https:\/\/bdouin.com\/mag\/des-enfants-a-la-mosquee\/#breadcrumb","itemListElement":[{"@type":"ListItem","position":1,"name":"Accueil","item":"https:\/\/bdouin.com\/mag\/"},{"@type":"ListItem","position":2,"name":"Des enfants \u00e0 la mosqu\u00e9e ?!"}]},{"@type":"WebSite","@id":"https:\/\/bdouin.com\/mag\/#website","url":"https:\/\/bdouin.com\/mag\/","name":"BDouin Magazine","description":"Le magasine du BDouin !","publisher":{"@id":"https:\/\/bdouin.com\/mag\/#organization"},"potentialAction":[{"@type":"SearchAction","target":{"@type":"EntryPoint","urlTemplate":"https:\/\/bdouin.com\/mag\/?s={search_term_string}"},"query-input":{"@type":"PropertyValueSpecification","valueRequired":true,"valueName":"search_term_string"}}],"inLanguage":"fr-FR"},{"@type":"Organization","@id":"https:\/\/bdouin.com\/mag\/#organization","name":"BDouin Magazine","url":"https:\/\/bdouin.com\/mag\/","logo":{"@type":"ImageObject","inLanguage":"fr-FR","@id":"https:\/\/bdouin.com\/mag\/#\/schema\/logo\/image\/","url":"https:\/\/bdouin.com\/mag\/wp-content\/uploads\/2023\/10\/cropped-AWLADSCHOOL-icon.png","contentUrl":"https:\/\/bdouin.com\/mag\/wp-content\/uploads\/2023\/10\/cropped-AWLADSCHOOL-icon.png","width":512,"height":512,"caption":"BDouin Magazine"},"image":{"@id":"https:\/\/bdouin.com\/mag\/#\/schema\/logo\/image\/"},"sameAs":["https:\/\/www.facebook.com\/MuslimShow\/?locale=fr_FR","https:\/\/www.instagram.com\/muslimshowofficiel\/"]},{"@type":"Person","@id":"https:\/\/bdouin.com\/mag\/#\/schema\/person\/6703cfc9e9de25182bc7ad48af5a7ac6","name":"AB","image":{"@type":"ImageObject","inLanguage":"fr-FR","@id":"https:\/\/bdouin.com\/mag\/#\/schema\/person\/image\/","url":"https:\/\/secure.gravatar.com\/avatar\/d4cf01413f0d6137ee2eb6e6b1c1a927f9fd1ff82b1d2b434672cfc1b10035a4?s=96&d=mm&r=g","contentUrl":"https:\/\/secure.gravatar.com\/avatar\/d4cf01413f0d6137ee2eb6e6b1c1a927f9fd1ff82b1d2b434672cfc1b10035a4?s=96&d=mm&r=g","caption":"AB"}}]}},"_links":{"self":[{"href":"https:\/\/bdouin.com\/mag\/wp-json\/wp\/v2\/posts\/3193","targetHints":{"allow":["GET"]}}],"collection":[{"href":"https:\/\/bdouin.com\/mag\/wp-json\/wp\/v2\/posts"}],"about":[{"href":"https:\/\/bdouin.com\/mag\/wp-json\/wp\/v2\/types\/post"}],"author":[{"embeddable":true,"href":"https:\/\/bdouin.com\/mag\/wp-json\/wp\/v2\/users\/2"}],"replies":[{"embeddable":true,"href":"https:\/\/bdouin.com\/mag\/wp-json\/wp\/v2\/comments?post=3193"}],"version-history":[{"count":7,"href":"https:\/\/bdouin.com\/mag\/wp-json\/wp\/v2\/posts\/3193\/revisions"}],"predecessor-version":[{"id":3207,"href":"https:\/\/bdouin.com\/mag\/wp-json\/wp\/v2\/posts\/3193\/revisions\/3207"}],"wp:featuredmedia":[{"embeddable":true,"href":"https:\/\/bdouin.com\/mag\/wp-json\/wp\/v2\/media\/3202"}],"wp:attachment":[{"href":"https:\/\/bdouin.com\/mag\/wp-json\/wp\/v2\/media?parent=3193"}],"wp:term":[{"taxonomy":"category","embeddable":true,"href":"https:\/\/bdouin.com\/mag\/wp-json\/wp\/v2\/categories?post=3193"},{"taxonomy":"post_tag","embeddable":true,"href":"https:\/\/bdouin.com\/mag\/wp-json\/wp\/v2\/tags?post=3193"}],"curies":[{"name":"wp","href":"https:\/\/api.w.org\/{rel}","templated":true}]}}